
{"id":1927,"date":"2017-10-02T15:19:58","date_gmt":"2017-10-02T13:19:58","guid":{"rendered":"http:\/\/florettefoodservice.fr\/?p=1927\/"},"modified":"2017-10-02T15:19:58","modified_gmt":"2017-10-02T13:19:58","slug":"retour-ledition-2017-de-fete-de-gastronomie","status":"publish","type":"post","link":"https:\/\/florettefoodservice.fr\/fr\/retour-ledition-2017-de-fete-de-gastronomie\/","title":{"rendered":"Retour sur l\u2019\u00e9dition 2017 de la F\u00eate de la Gastronomie"},"content":{"rendered":"<p>Parrain\u00e9e par St\u00e9phane Layani, Pr\u00e9sident du March\u00e9 international de Rungis, la 7\u00e8me \u00e9dition de la F\u00eate de la Gastronomie r\u00e9unissait du 22 au 24 septembre les acteurs fran\u00e7ais de l\u2019alimentation, de la restauration, de la viniculture mais aussi de l\u2019agriculture.<\/p>\n","protected":false},"excerpt":{"rendered":"<p>Parrain\u00e9e par St\u00e9phane Layani, Pr\u00e9sident du March\u00e9 international de Rungis, la 7\u00e8me \u00e9dition de la F\u00eate de la Gastronomie r\u00e9unissait du 22 au 24 septembre les acteurs fran\u00e7ais de l\u2019alimentation, de la restauration, de la viniculture mais aussi de l\u2019agriculture.<\/p>\n","protected":false},"author":3,"featured_media":1931,"comment_status":"open","ping_status":"open","sticky":false,"template":"","format":"standard","meta":[],"categories":["1","2","32"],"tags":[],"_links":{"self":[{"href":"https:\/\/florettefoodservice.fr\/fr\/wp-json\/wp\/v2\/posts\/1927\/"}],"collection":[{"href":"https:\/\/florettefoodservice.fr\/fr\/wp-json\/wp\/v2\/posts\/"}],"about":[{"href":"https:\/\/florettefoodservice.fr\/fr\/wp-json\/wp\/v2\/types\/post\/"}],"author":[{"embeddable":true,"href":"https:\/\/florettefoodservice.fr\/fr\/wp-json\/wp\/v2\/users\/3\/"}],"replies":[{"embeddable":true,"href":"https:\/\/florettefoodservice.fr\/fr\/wp-json\/wp\/v2\/comments\/?post=1927"}],"version-history":[{"count":5,"href":"https:\/\/florettefoodservice.fr\/fr\/wp-json\/wp\/v2\/posts\/1927\/revisions\/"}],"predecessor-version":[{"id":1934,"href":"https:\/\/florettefoodservice.fr\/fr\/wp-json\/wp\/v2\/posts\/1927\/revisions\/1934\/"}],"wp:featuredmedia":[{"embeddable":true,"href":"https:\/\/florettefoodservice.fr\/fr\/wp-json\/wp\/v2\/media\/1931\/"}],"wp:attachment":[{"href":"https:\/\/florettefoodservice.fr\/fr\/wp-json\/wp\/v2\/media\/?parent=1927"}],"wp:term":[{"taxonomy":"category","embeddable":true,"href":"https:\/\/florettefoodservice.fr\/fr\/wp-json\/wp\/v2\/categories\/?post=1927"},{"taxonomy":"post_tag","embeddable":true,"href":"https:\/\/florettefoodservice.fr\/fr\/wp-json\/wp\/v2\/tags\/?post=1927"}],"curies":[{"name":"wp","href":"https:\/\/api.w.org\/{rel}","templated":true}]}}